{"id":14762,"date":"2023-11-10T12:08:36","date_gmt":"2023-11-10T11:08:36","guid":{"rendered":"https:\/\/setah.be\/?p=14762"},"modified":"2023-11-10T12:08:37","modified_gmt":"2023-11-10T11:08:37","slug":"reportage-antenne-centre","status":"publish","type":"post","link":"https:\/\/setah.be\/index.php\/2023\/11\/10\/reportage-antenne-centre\/","title":{"rendered":"Reportage Antenne Centre"},"content":{"rendered":"\n<div style=\"height:0;padding-bottom:56.25%;position:relative;\"><iframe src=\"https:\/\/actv.fcst.tv\/player\/embed\/3909263\" width=\"100%\" height=\"100%\" style=\"border:0;left:0;position:absolute;top:0;\" frameborder=\"0\" scrolling=\"no\" allowfullscreen><\/iframe><\/div>\n\n\n\n<p><strong>Un premier salon des entreprises de travail adapt\u00e9 \u00e9tait organis\u00e9 \u00e0 La Louvi\u00e8re par Hainaut D\u00e9veloppement et la F\u00e9d\u00e9ration des ETA du Hainaut. Celui-ci est en r\u00e9alit\u00e9 le premier en Wallonie et m\u00eame en Belgique d&rsquo;apr\u00e8s les organisateurs. Deux jours durant, les candidats et futurs candidats \u00e0 l&#8217;emploi ont pu aller \u00e0 la rencontre des 20 ETA pr\u00e9sentes sur le salon qui se tenait \u00e0 La Louvi\u00e8re. Le deuxi\u00e8me jour \u00e9tait plus particuli\u00e8rement d\u00e9di\u00e9 aux \u00e9changes entre entreprises et aux clients, m\u00eame si on y retrouvait encore de nombreux candidats. Il faut dire que ces ETA du Hainaut offrent ensemble plusieurs milliers de postes adapt\u00e9s \u00e0 toutes sortes de profils. Nathalie Roland, Violette De Bruy\u00e8re<\/strong><\/p>\n","protected":false},"excerpt":{"rendered":"<p>Un premier salon des entreprises de travail adapt\u00e9 \u00e9tait organis\u00e9 \u00e0 La Louvi\u00e8re par Hainaut D\u00e9veloppement et la F\u00e9d\u00e9ration des ETA du Hainaut. Celui-ci est en r\u00e9alit\u00e9 le premier en Wallonie et m\u00eame en Belgique d&rsquo;apr\u00e8s les organisateurs. Deux jours durant, les candidats et futurs candidats \u00e0 l&#8217;emploi ont pu aller \u00e0 la rencontre des [&hellip;]<\/p>\n","protected":false},"author":1,"featured_media":14763,"comment_status":"open","ping_status":"closed","sticky":false,"template":"","format":"standard","meta":{"footnotes":""},"categories":[142],"tags":[],"class_list":["post-14762","post","type-post","status-publish","format-standard","has-post-thumbnail","hentry","category-news"],"yoast_head":"<!-- This site is optimized with the Yoast SEO plugin v27.4 - https:\/\/yoast.com\/product\/yoast-seo-wordpress\/ -->\n<title>Reportage Antenne Centre - SETAH<\/title>\n<meta name=\"robots\" content=\"index, follow, max-snippet:-1, max-image-preview:large, max-video-preview:-1\" \/>\n<link rel=\"canonical\" href=\"https:\/\/setah.be\/index.php\/2023\/11\/10\/reportage-antenne-centre\/\" \/>\n<meta property=\"og:locale\" content=\"fr_FR\" \/>\n<meta property=\"og:type\" content=\"article\" \/>\n<meta property=\"og:title\" content=\"Reportage Antenne Centre - SETAH\" \/>\n<meta property=\"og:description\" content=\"Un premier salon des entreprises de travail adapt\u00e9 \u00e9tait organis\u00e9 \u00e0 La Louvi\u00e8re par Hainaut D\u00e9veloppement et la F\u00e9d\u00e9ration des ETA du Hainaut. Celui-ci est en r\u00e9alit\u00e9 le premier en Wallonie et m\u00eame en Belgique d&rsquo;apr\u00e8s les organisateurs. Deux jours durant, les candidats et futurs candidats \u00e0 l&#8217;emploi ont pu aller \u00e0 la rencontre des [&hellip;]\" \/>\n<meta property=\"og:url\" content=\"https:\/\/setah.be\/index.php\/2023\/11\/10\/reportage-antenne-centre\/\" \/>\n<meta property=\"og:site_name\" content=\"SETAH\" \/>\n<meta property=\"article:published_time\" content=\"2023-11-10T11:08:36+00:00\" \/>\n<meta property=\"article:modified_time\" content=\"2023-11-10T11:08:37+00:00\" \/>\n<meta property=\"og:image\" content=\"https:\/\/setah.be\/wp-content\/uploads\/2023\/11\/antenne-centre.jpg\" \/>\n\t<meta property=\"og:image:width\" content=\"805\" \/>\n\t<meta property=\"og:image:height\" content=\"544\" \/>\n\t<meta property=\"og:image:type\" content=\"image\/jpeg\" \/>\n<meta name=\"author\" content=\"admin\" \/>\n<meta name=\"twitter:card\" content=\"summary_large_image\" \/>\n<meta name=\"twitter:label1\" content=\"\u00c9crit par\" \/>\n\t<meta name=\"twitter:data1\" content=\"admin\" \/>\n\t<meta name=\"twitter:label2\" content=\"Dur\u00e9e de lecture estim\u00e9e\" \/>\n\t<meta name=\"twitter:data2\" content=\"1 minute\" \/>\n<script type=\"application\/ld+json\" class=\"yoast-schema-graph\">{\"@context\":\"https:\\\/\\\/schema.org\",\"@graph\":[{\"@type\":\"Article\",\"@id\":\"https:\\\/\\\/setah.be\\\/index.php\\\/2023\\\/11\\\/10\\\/reportage-antenne-centre\\\/#article\",\"isPartOf\":{\"@id\":\"https:\\\/\\\/setah.be\\\/index.php\\\/2023\\\/11\\\/10\\\/reportage-antenne-centre\\\/\"},\"author\":{\"name\":\"admin\",\"@id\":\"https:\\\/\\\/setah.be\\\/#\\\/schema\\\/person\\\/a70a437a984d29344ce8257410f1163e\"},\"headline\":\"Reportage Antenne Centre\",\"datePublished\":\"2023-11-10T11:08:36+00:00\",\"dateModified\":\"2023-11-10T11:08:37+00:00\",\"mainEntityOfPage\":{\"@id\":\"https:\\\/\\\/setah.be\\\/index.php\\\/2023\\\/11\\\/10\\\/reportage-antenne-centre\\\/\"},\"wordCount\":129,\"commentCount\":0,\"publisher\":{\"@id\":\"https:\\\/\\\/setah.be\\\/#organization\"},\"image\":{\"@id\":\"https:\\\/\\\/setah.be\\\/index.php\\\/2023\\\/11\\\/10\\\/reportage-antenne-centre\\\/#primaryimage\"},\"thumbnailUrl\":\"https:\\\/\\\/setah.be\\\/wp-content\\\/uploads\\\/2023\\\/11\\\/antenne-centre.jpg\",\"articleSection\":[\"Actualit\u00e9s\"],\"inLanguage\":\"fr-FR\",\"potentialAction\":[{\"@type\":\"CommentAction\",\"name\":\"Comment\",\"target\":[\"https:\\\/\\\/setah.be\\\/index.php\\\/2023\\\/11\\\/10\\\/reportage-antenne-centre\\\/#respond\"]}]},{\"@type\":\"WebPage\",\"@id\":\"https:\\\/\\\/setah.be\\\/index.php\\\/2023\\\/11\\\/10\\\/reportage-antenne-centre\\\/\",\"url\":\"https:\\\/\\\/setah.be\\\/index.php\\\/2023\\\/11\\\/10\\\/reportage-antenne-centre\\\/\",\"name\":\"Reportage Antenne Centre - SETAH\",\"isPartOf\":{\"@id\":\"https:\\\/\\\/setah.be\\\/#website\"},\"primaryImageOfPage\":{\"@id\":\"https:\\\/\\\/setah.be\\\/index.php\\\/2023\\\/11\\\/10\\\/reportage-antenne-centre\\\/#primaryimage\"},\"image\":{\"@id\":\"https:\\\/\\\/setah.be\\\/index.php\\\/2023\\\/11\\\/10\\\/reportage-antenne-centre\\\/#primaryimage\"},\"thumbnailUrl\":\"https:\\\/\\\/setah.be\\\/wp-content\\\/uploads\\\/2023\\\/11\\\/antenne-centre.jpg\",\"datePublished\":\"2023-11-10T11:08:36+00:00\",\"dateModified\":\"2023-11-10T11:08:37+00:00\",\"breadcrumb\":{\"@id\":\"https:\\\/\\\/setah.be\\\/index.php\\\/2023\\\/11\\\/10\\\/reportage-antenne-centre\\\/#breadcrumb\"},\"inLanguage\":\"fr-FR\",\"potentialAction\":[{\"@type\":\"ReadAction\",\"target\":[\"https:\\\/\\\/setah.be\\\/index.php\\\/2023\\\/11\\\/10\\\/reportage-antenne-centre\\\/\"]}]},{\"@type\":\"ImageObject\",\"inLanguage\":\"fr-FR\",\"@id\":\"https:\\\/\\\/setah.be\\\/index.php\\\/2023\\\/11\\\/10\\\/reportage-antenne-centre\\\/#primaryimage\",\"url\":\"https:\\\/\\\/setah.be\\\/wp-content\\\/uploads\\\/2023\\\/11\\\/antenne-centre.jpg\",\"contentUrl\":\"https:\\\/\\\/setah.be\\\/wp-content\\\/uploads\\\/2023\\\/11\\\/antenne-centre.jpg\",\"width\":805,\"height\":544,\"caption\":\"Reportage Antenne Centre\"},{\"@type\":\"BreadcrumbList\",\"@id\":\"https:\\\/\\\/setah.be\\\/index.php\\\/2023\\\/11\\\/10\\\/reportage-antenne-centre\\\/#breadcrumb\",\"itemListElement\":[{\"@type\":\"ListItem\",\"position\":1,\"name\":\"Accueil\",\"item\":\"https:\\\/\\\/setah.be\\\/\"},{\"@type\":\"ListItem\",\"position\":2,\"name\":\"Reportage Antenne Centre\"}]},{\"@type\":\"WebSite\",\"@id\":\"https:\\\/\\\/setah.be\\\/#website\",\"url\":\"https:\\\/\\\/setah.be\\\/\",\"name\":\"SETAH\",\"description\":\"Salon des entreprises de travail adapt\u00e9 en Hainaut\",\"publisher\":{\"@id\":\"https:\\\/\\\/setah.be\\\/#organization\"},\"potentialAction\":[{\"@type\":\"SearchAction\",\"target\":{\"@type\":\"EntryPoint\",\"urlTemplate\":\"https:\\\/\\\/setah.be\\\/?s={search_term_string}\"},\"query-input\":{\"@type\":\"PropertyValueSpecification\",\"valueRequired\":true,\"valueName\":\"search_term_string\"}}],\"inLanguage\":\"fr-FR\"},{\"@type\":\"Organization\",\"@id\":\"https:\\\/\\\/setah.be\\\/#organization\",\"name\":\"SETAH\",\"url\":\"https:\\\/\\\/setah.be\\\/\",\"logo\":{\"@type\":\"ImageObject\",\"inLanguage\":\"fr-FR\",\"@id\":\"https:\\\/\\\/setah.be\\\/#\\\/schema\\\/logo\\\/image\\\/\",\"url\":\"https:\\\/\\\/setah.be\\\/wp-content\\\/uploads\\\/2021\\\/07\\\/Logo-SETAH.png\",\"contentUrl\":\"https:\\\/\\\/setah.be\\\/wp-content\\\/uploads\\\/2021\\\/07\\\/Logo-SETAH.png\",\"width\":646,\"height\":463,\"caption\":\"SETAH\"},\"image\":{\"@id\":\"https:\\\/\\\/setah.be\\\/#\\\/schema\\\/logo\\\/image\\\/\"}},{\"@type\":\"Person\",\"@id\":\"https:\\\/\\\/setah.be\\\/#\\\/schema\\\/person\\\/a70a437a984d29344ce8257410f1163e\",\"name\":\"admin\",\"image\":{\"@type\":\"ImageObject\",\"inLanguage\":\"fr-FR\",\"@id\":\"https:\\\/\\\/secure.gravatar.com\\\/avatar\\\/677beddb62cf5311fc5422fbd1c323aac651af90aed0a1723757825c3b71e775?s=96&d=mm&r=g\",\"url\":\"https:\\\/\\\/secure.gravatar.com\\\/avatar\\\/677beddb62cf5311fc5422fbd1c323aac651af90aed0a1723757825c3b71e775?s=96&d=mm&r=g\",\"contentUrl\":\"https:\\\/\\\/secure.gravatar.com\\\/avatar\\\/677beddb62cf5311fc5422fbd1c323aac651af90aed0a1723757825c3b71e775?s=96&d=mm&r=g\",\"caption\":\"admin\"},\"sameAs\":[\"https:\\\/\\\/setah.be\"],\"url\":\"https:\\\/\\\/setah.be\\\/index.php\\\/author\\\/marc\\\/\"}]}<\/script>\n<!-- \/ Yoast SEO plugin. -->","yoast_head_json":{"title":"Reportage Antenne Centre - SETAH","robots":{"index":"index","follow":"follow","max-snippet":"max-snippet:-1","max-image-preview":"max-image-preview:large","max-video-preview":"max-video-preview:-1"},"canonical":"https:\/\/setah.be\/index.php\/2023\/11\/10\/reportage-antenne-centre\/","og_locale":"fr_FR","og_type":"article","og_title":"Reportage Antenne Centre - SETAH","og_description":"Un premier salon des entreprises de travail adapt\u00e9 \u00e9tait organis\u00e9 \u00e0 La Louvi\u00e8re par Hainaut D\u00e9veloppement et la F\u00e9d\u00e9ration des ETA du Hainaut. Celui-ci est en r\u00e9alit\u00e9 le premier en Wallonie et m\u00eame en Belgique d&rsquo;apr\u00e8s les organisateurs. Deux jours durant, les candidats et futurs candidats \u00e0 l&#8217;emploi ont pu aller \u00e0 la rencontre des [&hellip;]","og_url":"https:\/\/setah.be\/index.php\/2023\/11\/10\/reportage-antenne-centre\/","og_site_name":"SETAH","article_published_time":"2023-11-10T11:08:36+00:00","article_modified_time":"2023-11-10T11:08:37+00:00","og_image":[{"width":805,"height":544,"url":"https:\/\/setah.be\/wp-content\/uploads\/2023\/11\/antenne-centre.jpg","type":"image\/jpeg"}],"author":"admin","twitter_card":"summary_large_image","twitter_misc":{"\u00c9crit par":"admin","Dur\u00e9e de lecture estim\u00e9e":"1 minute"},"schema":{"@context":"https:\/\/schema.org","@graph":[{"@type":"Article","@id":"https:\/\/setah.be\/index.php\/2023\/11\/10\/reportage-antenne-centre\/#article","isPartOf":{"@id":"https:\/\/setah.be\/index.php\/2023\/11\/10\/reportage-antenne-centre\/"},"author":{"name":"admin","@id":"https:\/\/setah.be\/#\/schema\/person\/a70a437a984d29344ce8257410f1163e"},"headline":"Reportage Antenne Centre","datePublished":"2023-11-10T11:08:36+00:00","dateModified":"2023-11-10T11:08:37+00:00","mainEntityOfPage":{"@id":"https:\/\/setah.be\/index.php\/2023\/11\/10\/reportage-antenne-centre\/"},"wordCount":129,"commentCount":0,"publisher":{"@id":"https:\/\/setah.be\/#organization"},"image":{"@id":"https:\/\/setah.be\/index.php\/2023\/11\/10\/reportage-antenne-centre\/#primaryimage"},"thumbnailUrl":"https:\/\/setah.be\/wp-content\/uploads\/2023\/11\/antenne-centre.jpg","articleSection":["Actualit\u00e9s"],"inLanguage":"fr-FR","potentialAction":[{"@type":"CommentAction","name":"Comment","target":["https:\/\/setah.be\/index.php\/2023\/11\/10\/reportage-antenne-centre\/#respond"]}]},{"@type":"WebPage","@id":"https:\/\/setah.be\/index.php\/2023\/11\/10\/reportage-antenne-centre\/","url":"https:\/\/setah.be\/index.php\/2023\/11\/10\/reportage-antenne-centre\/","name":"Reportage Antenne Centre - SETAH","isPartOf":{"@id":"https:\/\/setah.be\/#website"},"primaryImageOfPage":{"@id":"https:\/\/setah.be\/index.php\/2023\/11\/10\/reportage-antenne-centre\/#primaryimage"},"image":{"@id":"https:\/\/setah.be\/index.php\/2023\/11\/10\/reportage-antenne-centre\/#primaryimage"},"thumbnailUrl":"https:\/\/setah.be\/wp-content\/uploads\/2023\/11\/antenne-centre.jpg","datePublished":"2023-11-10T11:08:36+00:00","dateModified":"2023-11-10T11:08:37+00:00","breadcrumb":{"@id":"https:\/\/setah.be\/index.php\/2023\/11\/10\/reportage-antenne-centre\/#breadcrumb"},"inLanguage":"fr-FR","potentialAction":[{"@type":"ReadAction","target":["https:\/\/setah.be\/index.php\/2023\/11\/10\/reportage-antenne-centre\/"]}]},{"@type":"ImageObject","inLanguage":"fr-FR","@id":"https:\/\/setah.be\/index.php\/2023\/11\/10\/reportage-antenne-centre\/#primaryimage","url":"https:\/\/setah.be\/wp-content\/uploads\/2023\/11\/antenne-centre.jpg","contentUrl":"https:\/\/setah.be\/wp-content\/uploads\/2023\/11\/antenne-centre.jpg","width":805,"height":544,"caption":"Reportage Antenne Centre"},{"@type":"BreadcrumbList","@id":"https:\/\/setah.be\/index.php\/2023\/11\/10\/reportage-antenne-centre\/#breadcrumb","itemListElement":[{"@type":"ListItem","position":1,"name":"Accueil","item":"https:\/\/setah.be\/"},{"@type":"ListItem","position":2,"name":"Reportage Antenne Centre"}]},{"@type":"WebSite","@id":"https:\/\/setah.be\/#website","url":"https:\/\/setah.be\/","name":"SETAH","description":"Salon des entreprises de travail adapt\u00e9 en Hainaut","publisher":{"@id":"https:\/\/setah.be\/#organization"},"potentialAction":[{"@type":"SearchAction","target":{"@type":"EntryPoint","urlTemplate":"https:\/\/setah.be\/?s={search_term_string}"},"query-input":{"@type":"PropertyValueSpecification","valueRequired":true,"valueName":"search_term_string"}}],"inLanguage":"fr-FR"},{"@type":"Organization","@id":"https:\/\/setah.be\/#organization","name":"SETAH","url":"https:\/\/setah.be\/","logo":{"@type":"ImageObject","inLanguage":"fr-FR","@id":"https:\/\/setah.be\/#\/schema\/logo\/image\/","url":"https:\/\/setah.be\/wp-content\/uploads\/2021\/07\/Logo-SETAH.png","contentUrl":"https:\/\/setah.be\/wp-content\/uploads\/2021\/07\/Logo-SETAH.png","width":646,"height":463,"caption":"SETAH"},"image":{"@id":"https:\/\/setah.be\/#\/schema\/logo\/image\/"}},{"@type":"Person","@id":"https:\/\/setah.be\/#\/schema\/person\/a70a437a984d29344ce8257410f1163e","name":"admin","image":{"@type":"ImageObject","inLanguage":"fr-FR","@id":"https:\/\/secure.gravatar.com\/avatar\/677beddb62cf5311fc5422fbd1c323aac651af90aed0a1723757825c3b71e775?s=96&d=mm&r=g","url":"https:\/\/secure.gravatar.com\/avatar\/677beddb62cf5311fc5422fbd1c323aac651af90aed0a1723757825c3b71e775?s=96&d=mm&r=g","contentUrl":"https:\/\/secure.gravatar.com\/avatar\/677beddb62cf5311fc5422fbd1c323aac651af90aed0a1723757825c3b71e775?s=96&d=mm&r=g","caption":"admin"},"sameAs":["https:\/\/setah.be"],"url":"https:\/\/setah.be\/index.php\/author\/marc\/"}]}},"_links":{"self":[{"href":"https:\/\/setah.be\/index.php\/wp-json\/wp\/v2\/posts\/14762","targetHints":{"allow":["GET"]}}],"collection":[{"href":"https:\/\/setah.be\/index.php\/wp-json\/wp\/v2\/posts"}],"about":[{"href":"https:\/\/setah.be\/index.php\/wp-json\/wp\/v2\/types\/post"}],"author":[{"embeddable":true,"href":"https:\/\/setah.be\/index.php\/wp-json\/wp\/v2\/users\/1"}],"replies":[{"embeddable":true,"href":"https:\/\/setah.be\/index.php\/wp-json\/wp\/v2\/comments?post=14762"}],"version-history":[{"count":1,"href":"https:\/\/setah.be\/index.php\/wp-json\/wp\/v2\/posts\/14762\/revisions"}],"predecessor-version":[{"id":14764,"href":"https:\/\/setah.be\/index.php\/wp-json\/wp\/v2\/posts\/14762\/revisions\/14764"}],"wp:featuredmedia":[{"embeddable":true,"href":"https:\/\/setah.be\/index.php\/wp-json\/wp\/v2\/media\/14763"}],"wp:attachment":[{"href":"https:\/\/setah.be\/index.php\/wp-json\/wp\/v2\/media?parent=14762"}],"wp:term":[{"taxonomy":"category","embeddable":true,"href":"https:\/\/setah.be\/index.php\/wp-json\/wp\/v2\/categories?post=14762"},{"taxonomy":"post_tag","embeddable":true,"href":"https:\/\/setah.be\/index.php\/wp-json\/wp\/v2\/tags?post=14762"}],"curies":[{"name":"wp","href":"https:\/\/api.w.org\/{rel}","templated":true}]}}