{"id":14745,"date":"2023-11-09T14:36:27","date_gmt":"2023-11-09T13:36:27","guid":{"rendered":"https:\/\/setah.be\/?p=14745"},"modified":"2023-11-09T14:50:19","modified_gmt":"2023-11-09T13:50:19","slug":"la-louviere-un-salon-pour-favoriser-linclusion-au-travail","status":"publish","type":"post","link":"https:\/\/setah.be\/index.php\/2023\/11\/09\/la-louviere-un-salon-pour-favoriser-linclusion-au-travail\/","title":{"rendered":"La Louvi\u00e8re : Un Salon pour favoriser l&rsquo;inclusion au travail"},"content":{"rendered":"\t\t<div data-elementor-type=\"wp-post\" data-elementor-id=\"14745\" class=\"elementor elementor-14745\">\n\t\t\t\t\t\t<section class=\"elementor-section elementor-top-section elementor-element elementor-element-2319a935 elementor-section-boxed elementor-section-height-default elementor-section-height-default\" data-id=\"2319a935\" data-element_type=\"section\" data-e-type=\"section\">\n\t\t\t\t\t\t<div class=\"elementor-container elementor-column-gap-default\">\n\t\t\t\t\t<div class=\"elementor-column elementor-col-100 elementor-top-column elementor-element elementor-element-66b64abc\" data-id=\"66b64abc\" data-element_type=\"column\" data-e-type=\"column\">\n\t\t\t<div class=\"elementor-widget-wrap elementor-element-populated\">\n\t\t\t\t\t\t<div class=\"elementor-element elementor-element-1c6b7d79 elementor-widget elementor-widget-text-editor\" data-id=\"1c6b7d79\" data-element_type=\"widget\" data-e-type=\"widget\" data-widget_type=\"text-editor.default\">\n\t\t\t\t<div class=\"elementor-widget-container\">\n\t\t\t\t\t\t\t\t\t\n<p>\u00a0<\/p>\n\n<p>1\/4 seulement des personnes en situation de handicap ont un travail.<\/p>\n\n<p><img decoding=\"async\" src=\"https:\/\/static.xx.fbcdn.net\/images\/emoji.php\/v9\/t1\/1\/16\/1f4c8.png\" alt=\"\ud83d\udcc8\" width=\"16\" height=\"16\" \/> Le Salon des Entreprises de travail adapt\u00e9 permet d&rsquo;augmenter les chances de se r\u00e9aliser professionnellement mais aussi de jeter des ponts entre les entreprises dites classiques et les ETA.<\/p>\n\n<p><a href=\"https:\/\/auvio.rtbf.be\/media\/journal-televise-sujet-par-sujet-la-louviere-un-salon-pour-favoriser-l-inclusion-au-travail-3116157\">https:\/\/auvio.rtbf.be\/media\/journal-televise-sujet-par-sujet-la-louviere-un-salon-pour-favoriser-l-inclusion-au-travail-3116157<\/a><\/p>\n\t\t\t\t\t\t\t\t<\/div>\n\t\t\t\t<\/div>\n\t\t\t\t\t<\/div>\n\t\t<\/div>\n\t\t\t\t\t<\/div>\n\t\t<\/section>\n\t\t\t\t<section class=\"elementor-section elementor-top-section elementor-element elementor-element-cedd275 elementor-section-boxed elementor-section-height-default elementor-section-height-default\" data-id=\"cedd275\" data-element_type=\"section\" data-e-type=\"section\">\n\t\t\t\t\t\t<div class=\"elementor-container elementor-column-gap-default\">\n\t\t\t\t\t<div class=\"elementor-column elementor-col-100 elementor-top-column elementor-element elementor-element-a58766c\" data-id=\"a58766c\" data-element_type=\"column\" data-e-type=\"column\">\n\t\t\t<div class=\"elementor-widget-wrap elementor-element-populated\">\n\t\t\t\t\t\t<div class=\"elementor-element elementor-element-1f78def elementor-widget elementor-widget-html\" data-id=\"1f78def\" data-element_type=\"widget\" data-e-type=\"widget\" data-widget_type=\"html.default\">\n\t\t\t\t<div class=\"elementor-widget-container\">\n\t\t\t\t\t<iframe src=\"https:\/\/www.facebook.com\/plugins\/post.php?href=https%3A%2F%2Fwww.facebook.com%2Fsalonsetah%2Fposts%2Fpfbid0221txVjFHBSU4TznSvVtCEzFG4hf4xe6uyQJgmfsUSt1xkdPosxy5q2FdUcz1JAGdl&show_text=true&width=500\" width=\"500\" height=\"545\" style=\"border:none;overflow:hidden\" scrolling=\"no\" frameborder=\"0\" allowfullscreen=\"true\" allow=\"autoplay; clipboard-write; encrypted-media; picture-in-picture; web-share\"><\/iframe>\t\t\t\t<\/div>\n\t\t\t\t<\/div>\n\t\t\t\t\t<\/div>\n\t\t<\/div>\n\t\t\t\t\t<\/div>\n\t\t<\/section>\n\t\t\t\t<\/div>\n\t\t","protected":false},"excerpt":{"rendered":"<p>\u00a0 1\/4 seulement des personnes en situation de handicap ont un travail. Le Salon des Entreprises de travail adapt\u00e9 permet d&rsquo;augmenter les chances de se r\u00e9aliser professionnellement mais aussi de jeter des ponts entre les entreprises dites classiques et les ETA. https:\/\/auvio.rtbf.be\/media\/journal-televise-sujet-par-sujet-la-louviere-un-salon-pour-favoriser-l-inclusion-au-travail-3116157<\/p>\n","protected":false},"author":1,"featured_media":14746,"comment_status":"open","ping_status":"closed","sticky":false,"template":"","format":"standard","meta":{"footnotes":""},"categories":[142],"tags":[],"class_list":["post-14745","post","type-post","status-publish","format-standard","has-post-thumbnail","hentry","category-news"],"yoast_head":"<!-- This site is optimized with the Yoast SEO plugin v27.4 - https:\/\/yoast.com\/product\/yoast-seo-wordpress\/ -->\n<title>La Louvi\u00e8re : Un Salon pour favoriser l&#039;inclusion au travail - SETAH<\/title>\n<meta name=\"robots\" content=\"index, follow, max-snippet:-1, max-image-preview:large, max-video-preview:-1\" \/>\n<link rel=\"canonical\" href=\"https:\/\/setah.be\/index.php\/2023\/11\/09\/la-louviere-un-salon-pour-favoriser-linclusion-au-travail\/\" \/>\n<meta property=\"og:locale\" content=\"fr_FR\" \/>\n<meta property=\"og:type\" content=\"article\" \/>\n<meta property=\"og:title\" content=\"La Louvi\u00e8re : Un Salon pour favoriser l&#039;inclusion au travail - SETAH\" \/>\n<meta property=\"og:description\" content=\"\u00a0 1\/4 seulement des personnes en situation de handicap ont un travail. Le Salon des Entreprises de travail adapt\u00e9 permet d&rsquo;augmenter les chances de se r\u00e9aliser professionnellement mais aussi de jeter des ponts entre les entreprises dites classiques et les ETA. https:\/\/auvio.rtbf.be\/media\/journal-televise-sujet-par-sujet-la-louviere-un-salon-pour-favoriser-l-inclusion-au-travail-3116157\" \/>\n<meta property=\"og:url\" content=\"https:\/\/setah.be\/index.php\/2023\/11\/09\/la-louviere-un-salon-pour-favoriser-linclusion-au-travail\/\" \/>\n<meta property=\"og:site_name\" content=\"SETAH\" \/>\n<meta property=\"article:published_time\" content=\"2023-11-09T13:36:27+00:00\" \/>\n<meta property=\"article:modified_time\" content=\"2023-11-09T13:50:19+00:00\" \/>\n<meta property=\"og:image\" content=\"https:\/\/setah.be\/wp-content\/uploads\/2023\/11\/rtbf.jpg\" \/>\n\t<meta property=\"og:image:width\" content=\"598\" \/>\n\t<meta property=\"og:image:height\" content=\"339\" \/>\n\t<meta property=\"og:image:type\" content=\"image\/jpeg\" \/>\n<meta name=\"author\" content=\"admin\" \/>\n<meta name=\"twitter:card\" content=\"summary_large_image\" \/>\n<meta name=\"twitter:label1\" content=\"\u00c9crit par\" \/>\n\t<meta name=\"twitter:data1\" content=\"admin\" \/>\n\t<meta name=\"twitter:label2\" content=\"Dur\u00e9e de lecture estim\u00e9e\" \/>\n\t<meta name=\"twitter:data2\" content=\"1 minute\" \/>\n<script type=\"application\/ld+json\" class=\"yoast-schema-graph\">{\"@context\":\"https:\\\/\\\/schema.org\",\"@graph\":[{\"@type\":\"Article\",\"@id\":\"https:\\\/\\\/setah.be\\\/index.php\\\/2023\\\/11\\\/09\\\/la-louviere-un-salon-pour-favoriser-linclusion-au-travail\\\/#article\",\"isPartOf\":{\"@id\":\"https:\\\/\\\/setah.be\\\/index.php\\\/2023\\\/11\\\/09\\\/la-louviere-un-salon-pour-favoriser-linclusion-au-travail\\\/\"},\"author\":{\"name\":\"admin\",\"@id\":\"https:\\\/\\\/setah.be\\\/#\\\/schema\\\/person\\\/a70a437a984d29344ce8257410f1163e\"},\"headline\":\"La Louvi\u00e8re : Un Salon pour favoriser l&rsquo;inclusion au travail\",\"datePublished\":\"2023-11-09T13:36:27+00:00\",\"dateModified\":\"2023-11-09T13:50:19+00:00\",\"mainEntityOfPage\":{\"@id\":\"https:\\\/\\\/setah.be\\\/index.php\\\/2023\\\/11\\\/09\\\/la-louviere-un-salon-pour-favoriser-linclusion-au-travail\\\/\"},\"wordCount\":58,\"commentCount\":0,\"publisher\":{\"@id\":\"https:\\\/\\\/setah.be\\\/#organization\"},\"image\":{\"@id\":\"https:\\\/\\\/setah.be\\\/index.php\\\/2023\\\/11\\\/09\\\/la-louviere-un-salon-pour-favoriser-linclusion-au-travail\\\/#primaryimage\"},\"thumbnailUrl\":\"https:\\\/\\\/setah.be\\\/wp-content\\\/uploads\\\/2023\\\/11\\\/rtbf.jpg\",\"articleSection\":[\"Actualit\u00e9s\"],\"inLanguage\":\"fr-FR\",\"potentialAction\":[{\"@type\":\"CommentAction\",\"name\":\"Comment\",\"target\":[\"https:\\\/\\\/setah.be\\\/index.php\\\/2023\\\/11\\\/09\\\/la-louviere-un-salon-pour-favoriser-linclusion-au-travail\\\/#respond\"]}]},{\"@type\":\"WebPage\",\"@id\":\"https:\\\/\\\/setah.be\\\/index.php\\\/2023\\\/11\\\/09\\\/la-louviere-un-salon-pour-favoriser-linclusion-au-travail\\\/\",\"url\":\"https:\\\/\\\/setah.be\\\/index.php\\\/2023\\\/11\\\/09\\\/la-louviere-un-salon-pour-favoriser-linclusion-au-travail\\\/\",\"name\":\"La Louvi\u00e8re : Un Salon pour favoriser l'inclusion au travail - SETAH\",\"isPartOf\":{\"@id\":\"https:\\\/\\\/setah.be\\\/#website\"},\"primaryImageOfPage\":{\"@id\":\"https:\\\/\\\/setah.be\\\/index.php\\\/2023\\\/11\\\/09\\\/la-louviere-un-salon-pour-favoriser-linclusion-au-travail\\\/#primaryimage\"},\"image\":{\"@id\":\"https:\\\/\\\/setah.be\\\/index.php\\\/2023\\\/11\\\/09\\\/la-louviere-un-salon-pour-favoriser-linclusion-au-travail\\\/#primaryimage\"},\"thumbnailUrl\":\"https:\\\/\\\/setah.be\\\/wp-content\\\/uploads\\\/2023\\\/11\\\/rtbf.jpg\",\"datePublished\":\"2023-11-09T13:36:27+00:00\",\"dateModified\":\"2023-11-09T13:50:19+00:00\",\"breadcrumb\":{\"@id\":\"https:\\\/\\\/setah.be\\\/index.php\\\/2023\\\/11\\\/09\\\/la-louviere-un-salon-pour-favoriser-linclusion-au-travail\\\/#breadcrumb\"},\"inLanguage\":\"fr-FR\",\"potentialAction\":[{\"@type\":\"ReadAction\",\"target\":[\"https:\\\/\\\/setah.be\\\/index.php\\\/2023\\\/11\\\/09\\\/la-louviere-un-salon-pour-favoriser-linclusion-au-travail\\\/\"]}]},{\"@type\":\"ImageObject\",\"inLanguage\":\"fr-FR\",\"@id\":\"https:\\\/\\\/setah.be\\\/index.php\\\/2023\\\/11\\\/09\\\/la-louviere-un-salon-pour-favoriser-linclusion-au-travail\\\/#primaryimage\",\"url\":\"https:\\\/\\\/setah.be\\\/wp-content\\\/uploads\\\/2023\\\/11\\\/rtbf.jpg\",\"contentUrl\":\"https:\\\/\\\/setah.be\\\/wp-content\\\/uploads\\\/2023\\\/11\\\/rtbf.jpg\",\"width\":598,\"height\":339,\"caption\":\"Journal parl\u00e9 RTBF du 9\\\/11\\\/2023\"},{\"@type\":\"BreadcrumbList\",\"@id\":\"https:\\\/\\\/setah.be\\\/index.php\\\/2023\\\/11\\\/09\\\/la-louviere-un-salon-pour-favoriser-linclusion-au-travail\\\/#breadcrumb\",\"itemListElement\":[{\"@type\":\"ListItem\",\"position\":1,\"name\":\"Accueil\",\"item\":\"https:\\\/\\\/setah.be\\\/\"},{\"@type\":\"ListItem\",\"position\":2,\"name\":\"La Louvi\u00e8re : Un Salon pour favoriser l&#8217;inclusion au travail\"}]},{\"@type\":\"WebSite\",\"@id\":\"https:\\\/\\\/setah.be\\\/#website\",\"url\":\"https:\\\/\\\/setah.be\\\/\",\"name\":\"SETAH\",\"description\":\"Salon des entreprises de travail adapt\u00e9 en Hainaut\",\"publisher\":{\"@id\":\"https:\\\/\\\/setah.be\\\/#organization\"},\"potentialAction\":[{\"@type\":\"SearchAction\",\"target\":{\"@type\":\"EntryPoint\",\"urlTemplate\":\"https:\\\/\\\/setah.be\\\/?s={search_term_string}\"},\"query-input\":{\"@type\":\"PropertyValueSpecification\",\"valueRequired\":true,\"valueName\":\"search_term_string\"}}],\"inLanguage\":\"fr-FR\"},{\"@type\":\"Organization\",\"@id\":\"https:\\\/\\\/setah.be\\\/#organization\",\"name\":\"SETAH\",\"url\":\"https:\\\/\\\/setah.be\\\/\",\"logo\":{\"@type\":\"ImageObject\",\"inLanguage\":\"fr-FR\",\"@id\":\"https:\\\/\\\/setah.be\\\/#\\\/schema\\\/logo\\\/image\\\/\",\"url\":\"https:\\\/\\\/setah.be\\\/wp-content\\\/uploads\\\/2021\\\/07\\\/Logo-SETAH.png\",\"contentUrl\":\"https:\\\/\\\/setah.be\\\/wp-content\\\/uploads\\\/2021\\\/07\\\/Logo-SETAH.png\",\"width\":646,\"height\":463,\"caption\":\"SETAH\"},\"image\":{\"@id\":\"https:\\\/\\\/setah.be\\\/#\\\/schema\\\/logo\\\/image\\\/\"}},{\"@type\":\"Person\",\"@id\":\"https:\\\/\\\/setah.be\\\/#\\\/schema\\\/person\\\/a70a437a984d29344ce8257410f1163e\",\"name\":\"admin\",\"image\":{\"@type\":\"ImageObject\",\"inLanguage\":\"fr-FR\",\"@id\":\"https:\\\/\\\/secure.gravatar.com\\\/avatar\\\/677beddb62cf5311fc5422fbd1c323aac651af90aed0a1723757825c3b71e775?s=96&d=mm&r=g\",\"url\":\"https:\\\/\\\/secure.gravatar.com\\\/avatar\\\/677beddb62cf5311fc5422fbd1c323aac651af90aed0a1723757825c3b71e775?s=96&d=mm&r=g\",\"contentUrl\":\"https:\\\/\\\/secure.gravatar.com\\\/avatar\\\/677beddb62cf5311fc5422fbd1c323aac651af90aed0a1723757825c3b71e775?s=96&d=mm&r=g\",\"caption\":\"admin\"},\"sameAs\":[\"https:\\\/\\\/setah.be\"],\"url\":\"https:\\\/\\\/setah.be\\\/index.php\\\/author\\\/marc\\\/\"}]}<\/script>\n<!-- \/ Yoast SEO plugin. -->","yoast_head_json":{"title":"La Louvi\u00e8re : Un Salon pour favoriser l'inclusion au travail - SETAH","robots":{"index":"index","follow":"follow","max-snippet":"max-snippet:-1","max-image-preview":"max-image-preview:large","max-video-preview":"max-video-preview:-1"},"canonical":"https:\/\/setah.be\/index.php\/2023\/11\/09\/la-louviere-un-salon-pour-favoriser-linclusion-au-travail\/","og_locale":"fr_FR","og_type":"article","og_title":"La Louvi\u00e8re : Un Salon pour favoriser l'inclusion au travail - SETAH","og_description":"\u00a0 1\/4 seulement des personnes en situation de handicap ont un travail. Le Salon des Entreprises de travail adapt\u00e9 permet d&rsquo;augmenter les chances de se r\u00e9aliser professionnellement mais aussi de jeter des ponts entre les entreprises dites classiques et les ETA. https:\/\/auvio.rtbf.be\/media\/journal-televise-sujet-par-sujet-la-louviere-un-salon-pour-favoriser-l-inclusion-au-travail-3116157","og_url":"https:\/\/setah.be\/index.php\/2023\/11\/09\/la-louviere-un-salon-pour-favoriser-linclusion-au-travail\/","og_site_name":"SETAH","article_published_time":"2023-11-09T13:36:27+00:00","article_modified_time":"2023-11-09T13:50:19+00:00","og_image":[{"width":598,"height":339,"url":"https:\/\/setah.be\/wp-content\/uploads\/2023\/11\/rtbf.jpg","type":"image\/jpeg"}],"author":"admin","twitter_card":"summary_large_image","twitter_misc":{"\u00c9crit par":"admin","Dur\u00e9e de lecture estim\u00e9e":"1 minute"},"schema":{"@context":"https:\/\/schema.org","@graph":[{"@type":"Article","@id":"https:\/\/setah.be\/index.php\/2023\/11\/09\/la-louviere-un-salon-pour-favoriser-linclusion-au-travail\/#article","isPartOf":{"@id":"https:\/\/setah.be\/index.php\/2023\/11\/09\/la-louviere-un-salon-pour-favoriser-linclusion-au-travail\/"},"author":{"name":"admin","@id":"https:\/\/setah.be\/#\/schema\/person\/a70a437a984d29344ce8257410f1163e"},"headline":"La Louvi\u00e8re : Un Salon pour favoriser l&rsquo;inclusion au travail","datePublished":"2023-11-09T13:36:27+00:00","dateModified":"2023-11-09T13:50:19+00:00","mainEntityOfPage":{"@id":"https:\/\/setah.be\/index.php\/2023\/11\/09\/la-louviere-un-salon-pour-favoriser-linclusion-au-travail\/"},"wordCount":58,"commentCount":0,"publisher":{"@id":"https:\/\/setah.be\/#organization"},"image":{"@id":"https:\/\/setah.be\/index.php\/2023\/11\/09\/la-louviere-un-salon-pour-favoriser-linclusion-au-travail\/#primaryimage"},"thumbnailUrl":"https:\/\/setah.be\/wp-content\/uploads\/2023\/11\/rtbf.jpg","articleSection":["Actualit\u00e9s"],"inLanguage":"fr-FR","potentialAction":[{"@type":"CommentAction","name":"Comment","target":["https:\/\/setah.be\/index.php\/2023\/11\/09\/la-louviere-un-salon-pour-favoriser-linclusion-au-travail\/#respond"]}]},{"@type":"WebPage","@id":"https:\/\/setah.be\/index.php\/2023\/11\/09\/la-louviere-un-salon-pour-favoriser-linclusion-au-travail\/","url":"https:\/\/setah.be\/index.php\/2023\/11\/09\/la-louviere-un-salon-pour-favoriser-linclusion-au-travail\/","name":"La Louvi\u00e8re : Un Salon pour favoriser l'inclusion au travail - SETAH","isPartOf":{"@id":"https:\/\/setah.be\/#website"},"primaryImageOfPage":{"@id":"https:\/\/setah.be\/index.php\/2023\/11\/09\/la-louviere-un-salon-pour-favoriser-linclusion-au-travail\/#primaryimage"},"image":{"@id":"https:\/\/setah.be\/index.php\/2023\/11\/09\/la-louviere-un-salon-pour-favoriser-linclusion-au-travail\/#primaryimage"},"thumbnailUrl":"https:\/\/setah.be\/wp-content\/uploads\/2023\/11\/rtbf.jpg","datePublished":"2023-11-09T13:36:27+00:00","dateModified":"2023-11-09T13:50:19+00:00","breadcrumb":{"@id":"https:\/\/setah.be\/index.php\/2023\/11\/09\/la-louviere-un-salon-pour-favoriser-linclusion-au-travail\/#breadcrumb"},"inLanguage":"fr-FR","potentialAction":[{"@type":"ReadAction","target":["https:\/\/setah.be\/index.php\/2023\/11\/09\/la-louviere-un-salon-pour-favoriser-linclusion-au-travail\/"]}]},{"@type":"ImageObject","inLanguage":"fr-FR","@id":"https:\/\/setah.be\/index.php\/2023\/11\/09\/la-louviere-un-salon-pour-favoriser-linclusion-au-travail\/#primaryimage","url":"https:\/\/setah.be\/wp-content\/uploads\/2023\/11\/rtbf.jpg","contentUrl":"https:\/\/setah.be\/wp-content\/uploads\/2023\/11\/rtbf.jpg","width":598,"height":339,"caption":"Journal parl\u00e9 RTBF du 9\/11\/2023"},{"@type":"BreadcrumbList","@id":"https:\/\/setah.be\/index.php\/2023\/11\/09\/la-louviere-un-salon-pour-favoriser-linclusion-au-travail\/#breadcrumb","itemListElement":[{"@type":"ListItem","position":1,"name":"Accueil","item":"https:\/\/setah.be\/"},{"@type":"ListItem","position":2,"name":"La Louvi\u00e8re : Un Salon pour favoriser l&#8217;inclusion au travail"}]},{"@type":"WebSite","@id":"https:\/\/setah.be\/#website","url":"https:\/\/setah.be\/","name":"SETAH","description":"Salon des entreprises de travail adapt\u00e9 en Hainaut","publisher":{"@id":"https:\/\/setah.be\/#organization"},"potentialAction":[{"@type":"SearchAction","target":{"@type":"EntryPoint","urlTemplate":"https:\/\/setah.be\/?s={search_term_string}"},"query-input":{"@type":"PropertyValueSpecification","valueRequired":true,"valueName":"search_term_string"}}],"inLanguage":"fr-FR"},{"@type":"Organization","@id":"https:\/\/setah.be\/#organization","name":"SETAH","url":"https:\/\/setah.be\/","logo":{"@type":"ImageObject","inLanguage":"fr-FR","@id":"https:\/\/setah.be\/#\/schema\/logo\/image\/","url":"https:\/\/setah.be\/wp-content\/uploads\/2021\/07\/Logo-SETAH.png","contentUrl":"https:\/\/setah.be\/wp-content\/uploads\/2021\/07\/Logo-SETAH.png","width":646,"height":463,"caption":"SETAH"},"image":{"@id":"https:\/\/setah.be\/#\/schema\/logo\/image\/"}},{"@type":"Person","@id":"https:\/\/setah.be\/#\/schema\/person\/a70a437a984d29344ce8257410f1163e","name":"admin","image":{"@type":"ImageObject","inLanguage":"fr-FR","@id":"https:\/\/secure.gravatar.com\/avatar\/677beddb62cf5311fc5422fbd1c323aac651af90aed0a1723757825c3b71e775?s=96&d=mm&r=g","url":"https:\/\/secure.gravatar.com\/avatar\/677beddb62cf5311fc5422fbd1c323aac651af90aed0a1723757825c3b71e775?s=96&d=mm&r=g","contentUrl":"https:\/\/secure.gravatar.com\/avatar\/677beddb62cf5311fc5422fbd1c323aac651af90aed0a1723757825c3b71e775?s=96&d=mm&r=g","caption":"admin"},"sameAs":["https:\/\/setah.be"],"url":"https:\/\/setah.be\/index.php\/author\/marc\/"}]}},"_links":{"self":[{"href":"https:\/\/setah.be\/index.php\/wp-json\/wp\/v2\/posts\/14745","targetHints":{"allow":["GET"]}}],"collection":[{"href":"https:\/\/setah.be\/index.php\/wp-json\/wp\/v2\/posts"}],"about":[{"href":"https:\/\/setah.be\/index.php\/wp-json\/wp\/v2\/types\/post"}],"author":[{"embeddable":true,"href":"https:\/\/setah.be\/index.php\/wp-json\/wp\/v2\/users\/1"}],"replies":[{"embeddable":true,"href":"https:\/\/setah.be\/index.php\/wp-json\/wp\/v2\/comments?post=14745"}],"version-history":[{"count":12,"href":"https:\/\/setah.be\/index.php\/wp-json\/wp\/v2\/posts\/14745\/revisions"}],"predecessor-version":[{"id":14761,"href":"https:\/\/setah.be\/index.php\/wp-json\/wp\/v2\/posts\/14745\/revisions\/14761"}],"wp:featuredmedia":[{"embeddable":true,"href":"https:\/\/setah.be\/index.php\/wp-json\/wp\/v2\/media\/14746"}],"wp:attachment":[{"href":"https:\/\/setah.be\/index.php\/wp-json\/wp\/v2\/media?parent=14745"}],"wp:term":[{"taxonomy":"category","embeddable":true,"href":"https:\/\/setah.be\/index.php\/wp-json\/wp\/v2\/categories?post=14745"},{"taxonomy":"post_tag","embeddable":true,"href":"https:\/\/setah.be\/index.php\/wp-json\/wp\/v2\/tags?post=14745"}],"curies":[{"name":"wp","href":"https:\/\/api.w.org\/{rel}","templated":true}]}}