{"id":14582,"date":"2023-10-20T13:34:44","date_gmt":"2023-10-20T11:34:44","guid":{"rendered":"https:\/\/setah.be\/?p=14582"},"modified":"2023-10-20T15:00:26","modified_gmt":"2023-10-20T13:00:26","slug":"comment-collaborer-avec-une-entreprise-de-travail-adapte","status":"publish","type":"post","link":"https:\/\/setah.be\/index.php\/2023\/10\/20\/comment-collaborer-avec-une-entreprise-de-travail-adapte\/","title":{"rendered":"Comment collaborer avec une Entreprise de travail adapt\u00e9?"},"content":{"rendered":"\n<p>La conf\u00e9rence de presse pour le Salon des Entreprises de travail adapt\u00e9 (ETA) s&rsquo;est tenue ce mercredi 19 octobre. Pour l\u2019occasion, la parole a \u00e9t\u00e9 donn\u00e9e aux repr\u00e9sentants des ETA afin d&rsquo;expliquer leurs domaines d&rsquo;activit\u00e9s et leurs sp\u00e9cificit\u00e9s. Et pour cause, l&rsquo;objectif de ce salon est de faire conna\u00eetre et reconna\u00eetre le travail des 20 entreprises de travail adapt\u00e9 de la province du Hainaut au grand public, aux entreprises mais aussi aux demandeurs d&#8217;emplois. En effet, les ETA offrent des perspectives d&#8217;emploi tr\u00e8s vari\u00e9es: manutention, construction, mara\u00eechage, textile \u2013 confection, horeca, gestion des espaces verts, a\u00e9rogommage,\u2026<\/p>\n\n\n\n<p><\/p>\n\n\n\n<p><a href=\"https:\/\/hainaut-developpement.be\" target=\"_blank\" rel=\"noreferrer noopener\">Hainaut D\u00e9veloppement<\/a> s&rsquo;investit dans l&rsquo;organisation du SETAH afin de cr\u00e9er des ponts ou de renforcer des liens entre les Entreprises de travail adapt\u00e9 et les entreprises dites \u00ab\u00a0ordinaires\u00a0\u00bb. Car oui, et on le sait moins, les Entreprises de travail adapt\u00e9 travaillent souvent pour des soci\u00e9t\u00e9s, voire de grands groupes nationaux ou internationaux. Cette collaboration s&rsquo;organise, soit via des contrats d&rsquo;entreprises, soit via des contrats de sous-traitance.<\/p>\n\n\n<p><\/p>\n<p><strong><span style=\"color: #008080;\">Petit r\u00e9capitulatif de ces 2 contrats:<\/span><\/strong><\/p>\n<p> <\/p>\n<h4><strong>Le contrat d&rsquo;entreprise, une insertion professionnelle au c\u0153ur des entreprises<\/strong><\/h4>\n<p> <\/p>\n<p>Le but ultime d&rsquo;une ETA est la mise au travail des personnes porteuses d&rsquo;un handicap qu&rsquo;il soit physique, intellectuel ou encore psychique et la r\u00e9insertion des travailleurs fragilis\u00e9s. Et, quoi de plus valorisant, malgr\u00e9 le handicap, que d&rsquo;int\u00e9grer une \u00e9quipe au sein m\u00eame d&rsquo;une entreprise? C&rsquo;est ce que permettent les contrats d&rsquo;entreprise. Ces contrats sont des mises \u00e0 disposition de travailleurs d&rsquo;une ETA dans une entreprise. L&rsquo;entreprise \u00ab\u00a0cliente\u00a0\u00bb accueille donc une ou plusieurs personnes porteuses d&rsquo;un handicap au sein de ses effectifs dans le cadre d&rsquo;un contrat g\u00e9n\u00e9ralement annuel afin de permettre une r\u00e9elle int\u00e9gration.<\/p>\n<p> <\/p>\n<p>Le cadre l\u00e9gal pr\u00e9voit qu&rsquo;une ETA reste l&#8217;employeur de la personne mise \u00e0 disposition mais que la distribution du travail et les modalit\u00e9s de celui-ci appartiennent \u00e0 l&rsquo;entreprise accueillante. L&rsquo;ETA est tenue d&rsquo;organiser l&rsquo;accompagnement de la personne mise \u00e0 disposition sur le terrain. C&rsquo;est ainsi qu&rsquo;un encadrant passe une \u00e0 deux fois par semaine sur le lieu de travail pour s&rsquo;assurer que tout se passe bien. Des passages r\u00e9guliers d&rsquo;une assistante sociale et du service interne en pr\u00e9vention de l&rsquo;ETA sont \u00e9galement pr\u00e9vus dans les textes de lois. On peut retrouver comme postes li\u00e9s \u00e0 ce type de contrat: des caristes, des ouvriers en conditionnement, des blanchisseuses, des magasiniers, des secr\u00e9taires, \u2026<\/p>\n<p><\/p>\n<h4><strong>La sous-traitance, de la main d&rsquo;\u0153uvre de qualit\u00e9 \u00e0 port\u00e9e de main<\/strong><\/h4>\n<p> <\/p>\n<p>Les entreprises font souvent appel \u00e0 de la sous-traitance et, ici aussi, les ETA occupent une place importante. Le secteur de la sous-traitance est aussi vari\u00e9 qu&rsquo;il y a d&rsquo;ETA sur le Hainaut: \u00e9tiquetage de boites de conserve, construction de mat\u00e9riaux pour l&rsquo;entretien des hauts fourneaux, conditionnement de bonbons ou de mat\u00e9riel param\u00e9dical, blanchisserie pour des maisons de repos, confection de matelas ou de tapis de sport, \u2026<\/p>\n<p> <\/p>\n<p>Les ETA sont \u00e9quip\u00e9es de machines professionnelles qui garantissent la qualit\u00e9 du produits finis. Parfois, ces investissements demandent l&rsquo;instauration d&rsquo;un contrat commercial avec l&rsquo;entreprise cliente qui permet de r\u00e9duire les risques financiers que les ETA prennent devant ces investissements parfois co\u00fbteux.<\/p>\n<p> <\/p>\n<p>Faire appel \u00e0 une ETA pour de la sous-traitance est \u00e9galement une solution pour des entreprises qui doivent r\u00e9pondre \u00e0 des clauses sociales dans le cadre de march\u00e9s publics.<\/p>\n<p> <\/p>\n<p>Les ETA sont donc pr\u00e9sentes \u00e0 plusieurs niveaux dans notre \u00e9conomie, parfois dans l&rsquo;ombre. Le SETAH veut justement mettre en lumi\u00e8re tout le savoir-faire et le r\u00f4le important que tiennent les ETA dans cette \u00e9conomie.<\/p>\n<p> <\/p>\n<p>L&rsquo;ensemble des entreprises de travail adapt\u00e9 hainuy\u00e8res seront pr\u00e9sentes au SETAH le 9 novembre prochain au Louvexpo. L&rsquo;occasion de les rencontrer et d\u00e9couvrir en d\u00e9tails comment collaborer avec elles et cr\u00e9er de v\u00e9ritables opportunit\u00e9s d&rsquo;affaires \u00e0 dimension sociale.<\/p>\n<p><\/p>\n<p><\/p>\n\n\n<p><\/p>\n\n\n\n<p><\/p>\n","protected":false},"excerpt":{"rendered":"<p>La conf\u00e9rence de presse pour le Salon des Entreprises de travail adapt\u00e9 (ETA) s&rsquo;est tenue ce mercredi 19 octobre. Pour l\u2019occasion, la parole a \u00e9t\u00e9 donn\u00e9e aux repr\u00e9sentants des ETA afin d&rsquo;expliquer leurs domaines d&rsquo;activit\u00e9s et leurs sp\u00e9cificit\u00e9s. Et pour cause, l&rsquo;objectif de ce salon est de faire conna\u00eetre et reconna\u00eetre le travail des 20 [&hellip;]<\/p>\n","protected":false},"author":1,"featured_media":14183,"comment_status":"open","ping_status":"closed","sticky":false,"template":"","format":"standard","meta":{"footnotes":""},"categories":[142],"tags":[],"class_list":["post-14582","post","type-post","status-publish","format-standard","has-post-thumbnail","hentry","category-news"],"yoast_head":"<!-- This site is optimized with the Yoast SEO plugin v27.4 - https:\/\/yoast.com\/product\/yoast-seo-wordpress\/ -->\n<title>Comment collaborer avec une Entreprise de travail adapt\u00e9? - SETAH<\/title>\n<meta name=\"robots\" content=\"index, follow, max-snippet:-1, max-image-preview:large, max-video-preview:-1\" \/>\n<link rel=\"canonical\" href=\"https:\/\/setah.be\/index.php\/2023\/10\/20\/comment-collaborer-avec-une-entreprise-de-travail-adapte\/\" \/>\n<meta property=\"og:locale\" content=\"fr_FR\" \/>\n<meta property=\"og:type\" content=\"article\" \/>\n<meta property=\"og:title\" content=\"Comment collaborer avec une Entreprise de travail adapt\u00e9? - SETAH\" \/>\n<meta property=\"og:description\" content=\"La conf\u00e9rence de presse pour le Salon des Entreprises de travail adapt\u00e9 (ETA) s&rsquo;est tenue ce mercredi 19 octobre. Pour l\u2019occasion, la parole a \u00e9t\u00e9 donn\u00e9e aux repr\u00e9sentants des ETA afin d&rsquo;expliquer leurs domaines d&rsquo;activit\u00e9s et leurs sp\u00e9cificit\u00e9s. Et pour cause, l&rsquo;objectif de ce salon est de faire conna\u00eetre et reconna\u00eetre le travail des 20 [&hellip;]\" \/>\n<meta property=\"og:url\" content=\"https:\/\/setah.be\/index.php\/2023\/10\/20\/comment-collaborer-avec-une-entreprise-de-travail-adapte\/\" \/>\n<meta property=\"og:site_name\" content=\"SETAH\" \/>\n<meta property=\"article:published_time\" content=\"2023-10-20T11:34:44+00:00\" \/>\n<meta property=\"article:modified_time\" content=\"2023-10-20T13:00:26+00:00\" \/>\n<meta property=\"og:image\" content=\"https:\/\/setah.be\/wp-content\/uploads\/2023\/10\/Copacking-rotated.jpeg\" \/>\n\t<meta property=\"og:image:width\" content=\"768\" \/>\n\t<meta property=\"og:image:height\" content=\"1024\" \/>\n\t<meta property=\"og:image:type\" content=\"image\/jpeg\" \/>\n<meta name=\"author\" content=\"admin\" \/>\n<meta name=\"twitter:card\" content=\"summary_large_image\" \/>\n<meta name=\"twitter:label1\" content=\"\u00c9crit par\" \/>\n\t<meta name=\"twitter:data1\" content=\"admin\" \/>\n\t<meta name=\"twitter:label2\" content=\"Dur\u00e9e de lecture estim\u00e9e\" \/>\n\t<meta name=\"twitter:data2\" content=\"4 minutes\" \/>\n<script type=\"application\/ld+json\" class=\"yoast-schema-graph\">{\"@context\":\"https:\\\/\\\/schema.org\",\"@graph\":[{\"@type\":\"Article\",\"@id\":\"https:\\\/\\\/setah.be\\\/index.php\\\/2023\\\/10\\\/20\\\/comment-collaborer-avec-une-entreprise-de-travail-adapte\\\/#article\",\"isPartOf\":{\"@id\":\"https:\\\/\\\/setah.be\\\/index.php\\\/2023\\\/10\\\/20\\\/comment-collaborer-avec-une-entreprise-de-travail-adapte\\\/\"},\"author\":{\"name\":\"admin\",\"@id\":\"https:\\\/\\\/setah.be\\\/#\\\/schema\\\/person\\\/a70a437a984d29344ce8257410f1163e\"},\"headline\":\"Comment collaborer avec une Entreprise de travail adapt\u00e9?\",\"datePublished\":\"2023-10-20T11:34:44+00:00\",\"dateModified\":\"2023-10-20T13:00:26+00:00\",\"mainEntityOfPage\":{\"@id\":\"https:\\\/\\\/setah.be\\\/index.php\\\/2023\\\/10\\\/20\\\/comment-collaborer-avec-une-entreprise-de-travail-adapte\\\/\"},\"wordCount\":695,\"commentCount\":0,\"publisher\":{\"@id\":\"https:\\\/\\\/setah.be\\\/#organization\"},\"image\":{\"@id\":\"https:\\\/\\\/setah.be\\\/index.php\\\/2023\\\/10\\\/20\\\/comment-collaborer-avec-une-entreprise-de-travail-adapte\\\/#primaryimage\"},\"thumbnailUrl\":\"https:\\\/\\\/setah.be\\\/wp-content\\\/uploads\\\/2023\\\/10\\\/Copacking-rotated.jpeg\",\"articleSection\":[\"Actualit\u00e9s\"],\"inLanguage\":\"fr-FR\",\"potentialAction\":[{\"@type\":\"CommentAction\",\"name\":\"Comment\",\"target\":[\"https:\\\/\\\/setah.be\\\/index.php\\\/2023\\\/10\\\/20\\\/comment-collaborer-avec-une-entreprise-de-travail-adapte\\\/#respond\"]}]},{\"@type\":\"WebPage\",\"@id\":\"https:\\\/\\\/setah.be\\\/index.php\\\/2023\\\/10\\\/20\\\/comment-collaborer-avec-une-entreprise-de-travail-adapte\\\/\",\"url\":\"https:\\\/\\\/setah.be\\\/index.php\\\/2023\\\/10\\\/20\\\/comment-collaborer-avec-une-entreprise-de-travail-adapte\\\/\",\"name\":\"Comment collaborer avec une Entreprise de travail adapt\u00e9? - SETAH\",\"isPartOf\":{\"@id\":\"https:\\\/\\\/setah.be\\\/#website\"},\"primaryImageOfPage\":{\"@id\":\"https:\\\/\\\/setah.be\\\/index.php\\\/2023\\\/10\\\/20\\\/comment-collaborer-avec-une-entreprise-de-travail-adapte\\\/#primaryimage\"},\"image\":{\"@id\":\"https:\\\/\\\/setah.be\\\/index.php\\\/2023\\\/10\\\/20\\\/comment-collaborer-avec-une-entreprise-de-travail-adapte\\\/#primaryimage\"},\"thumbnailUrl\":\"https:\\\/\\\/setah.be\\\/wp-content\\\/uploads\\\/2023\\\/10\\\/Copacking-rotated.jpeg\",\"datePublished\":\"2023-10-20T11:34:44+00:00\",\"dateModified\":\"2023-10-20T13:00:26+00:00\",\"breadcrumb\":{\"@id\":\"https:\\\/\\\/setah.be\\\/index.php\\\/2023\\\/10\\\/20\\\/comment-collaborer-avec-une-entreprise-de-travail-adapte\\\/#breadcrumb\"},\"inLanguage\":\"fr-FR\",\"potentialAction\":[{\"@type\":\"ReadAction\",\"target\":[\"https:\\\/\\\/setah.be\\\/index.php\\\/2023\\\/10\\\/20\\\/comment-collaborer-avec-une-entreprise-de-travail-adapte\\\/\"]}]},{\"@type\":\"ImageObject\",\"inLanguage\":\"fr-FR\",\"@id\":\"https:\\\/\\\/setah.be\\\/index.php\\\/2023\\\/10\\\/20\\\/comment-collaborer-avec-une-entreprise-de-travail-adapte\\\/#primaryimage\",\"url\":\"https:\\\/\\\/setah.be\\\/wp-content\\\/uploads\\\/2023\\\/10\\\/Copacking-rotated.jpeg\",\"contentUrl\":\"https:\\\/\\\/setah.be\\\/wp-content\\\/uploads\\\/2023\\\/10\\\/Copacking-rotated.jpeg\",\"width\":768,\"height\":1024},{\"@type\":\"BreadcrumbList\",\"@id\":\"https:\\\/\\\/setah.be\\\/index.php\\\/2023\\\/10\\\/20\\\/comment-collaborer-avec-une-entreprise-de-travail-adapte\\\/#breadcrumb\",\"itemListElement\":[{\"@type\":\"ListItem\",\"position\":1,\"name\":\"Accueil\",\"item\":\"https:\\\/\\\/setah.be\\\/\"},{\"@type\":\"ListItem\",\"position\":2,\"name\":\"Comment collaborer avec une Entreprise de travail adapt\u00e9?\"}]},{\"@type\":\"WebSite\",\"@id\":\"https:\\\/\\\/setah.be\\\/#website\",\"url\":\"https:\\\/\\\/setah.be\\\/\",\"name\":\"SETAH\",\"description\":\"Salon des entreprises de travail adapt\u00e9 en Hainaut\",\"publisher\":{\"@id\":\"https:\\\/\\\/setah.be\\\/#organization\"},\"potentialAction\":[{\"@type\":\"SearchAction\",\"target\":{\"@type\":\"EntryPoint\",\"urlTemplate\":\"https:\\\/\\\/setah.be\\\/?s={search_term_string}\"},\"query-input\":{\"@type\":\"PropertyValueSpecification\",\"valueRequired\":true,\"valueName\":\"search_term_string\"}}],\"inLanguage\":\"fr-FR\"},{\"@type\":\"Organization\",\"@id\":\"https:\\\/\\\/setah.be\\\/#organization\",\"name\":\"SETAH\",\"url\":\"https:\\\/\\\/setah.be\\\/\",\"logo\":{\"@type\":\"ImageObject\",\"inLanguage\":\"fr-FR\",\"@id\":\"https:\\\/\\\/setah.be\\\/#\\\/schema\\\/logo\\\/image\\\/\",\"url\":\"https:\\\/\\\/setah.be\\\/wp-content\\\/uploads\\\/2021\\\/07\\\/Logo-SETAH.png\",\"contentUrl\":\"https:\\\/\\\/setah.be\\\/wp-content\\\/uploads\\\/2021\\\/07\\\/Logo-SETAH.png\",\"width\":646,\"height\":463,\"caption\":\"SETAH\"},\"image\":{\"@id\":\"https:\\\/\\\/setah.be\\\/#\\\/schema\\\/logo\\\/image\\\/\"}},{\"@type\":\"Person\",\"@id\":\"https:\\\/\\\/setah.be\\\/#\\\/schema\\\/person\\\/a70a437a984d29344ce8257410f1163e\",\"name\":\"admin\",\"image\":{\"@type\":\"ImageObject\",\"inLanguage\":\"fr-FR\",\"@id\":\"https:\\\/\\\/secure.gravatar.com\\\/avatar\\\/677beddb62cf5311fc5422fbd1c323aac651af90aed0a1723757825c3b71e775?s=96&d=mm&r=g\",\"url\":\"https:\\\/\\\/secure.gravatar.com\\\/avatar\\\/677beddb62cf5311fc5422fbd1c323aac651af90aed0a1723757825c3b71e775?s=96&d=mm&r=g\",\"contentUrl\":\"https:\\\/\\\/secure.gravatar.com\\\/avatar\\\/677beddb62cf5311fc5422fbd1c323aac651af90aed0a1723757825c3b71e775?s=96&d=mm&r=g\",\"caption\":\"admin\"},\"sameAs\":[\"https:\\\/\\\/setah.be\"],\"url\":\"https:\\\/\\\/setah.be\\\/index.php\\\/author\\\/marc\\\/\"}]}<\/script>\n<!-- \/ Yoast SEO plugin. -->","yoast_head_json":{"title":"Comment collaborer avec une Entreprise de travail adapt\u00e9? - SETAH","robots":{"index":"index","follow":"follow","max-snippet":"max-snippet:-1","max-image-preview":"max-image-preview:large","max-video-preview":"max-video-preview:-1"},"canonical":"https:\/\/setah.be\/index.php\/2023\/10\/20\/comment-collaborer-avec-une-entreprise-de-travail-adapte\/","og_locale":"fr_FR","og_type":"article","og_title":"Comment collaborer avec une Entreprise de travail adapt\u00e9? - SETAH","og_description":"La conf\u00e9rence de presse pour le Salon des Entreprises de travail adapt\u00e9 (ETA) s&rsquo;est tenue ce mercredi 19 octobre. Pour l\u2019occasion, la parole a \u00e9t\u00e9 donn\u00e9e aux repr\u00e9sentants des ETA afin d&rsquo;expliquer leurs domaines d&rsquo;activit\u00e9s et leurs sp\u00e9cificit\u00e9s. Et pour cause, l&rsquo;objectif de ce salon est de faire conna\u00eetre et reconna\u00eetre le travail des 20 [&hellip;]","og_url":"https:\/\/setah.be\/index.php\/2023\/10\/20\/comment-collaborer-avec-une-entreprise-de-travail-adapte\/","og_site_name":"SETAH","article_published_time":"2023-10-20T11:34:44+00:00","article_modified_time":"2023-10-20T13:00:26+00:00","og_image":[{"width":768,"height":1024,"url":"https:\/\/setah.be\/wp-content\/uploads\/2023\/10\/Copacking-rotated.jpeg","type":"image\/jpeg"}],"author":"admin","twitter_card":"summary_large_image","twitter_misc":{"\u00c9crit par":"admin","Dur\u00e9e de lecture estim\u00e9e":"4 minutes"},"schema":{"@context":"https:\/\/schema.org","@graph":[{"@type":"Article","@id":"https:\/\/setah.be\/index.php\/2023\/10\/20\/comment-collaborer-avec-une-entreprise-de-travail-adapte\/#article","isPartOf":{"@id":"https:\/\/setah.be\/index.php\/2023\/10\/20\/comment-collaborer-avec-une-entreprise-de-travail-adapte\/"},"author":{"name":"admin","@id":"https:\/\/setah.be\/#\/schema\/person\/a70a437a984d29344ce8257410f1163e"},"headline":"Comment collaborer avec une Entreprise de travail adapt\u00e9?","datePublished":"2023-10-20T11:34:44+00:00","dateModified":"2023-10-20T13:00:26+00:00","mainEntityOfPage":{"@id":"https:\/\/setah.be\/index.php\/2023\/10\/20\/comment-collaborer-avec-une-entreprise-de-travail-adapte\/"},"wordCount":695,"commentCount":0,"publisher":{"@id":"https:\/\/setah.be\/#organization"},"image":{"@id":"https:\/\/setah.be\/index.php\/2023\/10\/20\/comment-collaborer-avec-une-entreprise-de-travail-adapte\/#primaryimage"},"thumbnailUrl":"https:\/\/setah.be\/wp-content\/uploads\/2023\/10\/Copacking-rotated.jpeg","articleSection":["Actualit\u00e9s"],"inLanguage":"fr-FR","potentialAction":[{"@type":"CommentAction","name":"Comment","target":["https:\/\/setah.be\/index.php\/2023\/10\/20\/comment-collaborer-avec-une-entreprise-de-travail-adapte\/#respond"]}]},{"@type":"WebPage","@id":"https:\/\/setah.be\/index.php\/2023\/10\/20\/comment-collaborer-avec-une-entreprise-de-travail-adapte\/","url":"https:\/\/setah.be\/index.php\/2023\/10\/20\/comment-collaborer-avec-une-entreprise-de-travail-adapte\/","name":"Comment collaborer avec une Entreprise de travail adapt\u00e9? - SETAH","isPartOf":{"@id":"https:\/\/setah.be\/#website"},"primaryImageOfPage":{"@id":"https:\/\/setah.be\/index.php\/2023\/10\/20\/comment-collaborer-avec-une-entreprise-de-travail-adapte\/#primaryimage"},"image":{"@id":"https:\/\/setah.be\/index.php\/2023\/10\/20\/comment-collaborer-avec-une-entreprise-de-travail-adapte\/#primaryimage"},"thumbnailUrl":"https:\/\/setah.be\/wp-content\/uploads\/2023\/10\/Copacking-rotated.jpeg","datePublished":"2023-10-20T11:34:44+00:00","dateModified":"2023-10-20T13:00:26+00:00","breadcrumb":{"@id":"https:\/\/setah.be\/index.php\/2023\/10\/20\/comment-collaborer-avec-une-entreprise-de-travail-adapte\/#breadcrumb"},"inLanguage":"fr-FR","potentialAction":[{"@type":"ReadAction","target":["https:\/\/setah.be\/index.php\/2023\/10\/20\/comment-collaborer-avec-une-entreprise-de-travail-adapte\/"]}]},{"@type":"ImageObject","inLanguage":"fr-FR","@id":"https:\/\/setah.be\/index.php\/2023\/10\/20\/comment-collaborer-avec-une-entreprise-de-travail-adapte\/#primaryimage","url":"https:\/\/setah.be\/wp-content\/uploads\/2023\/10\/Copacking-rotated.jpeg","contentUrl":"https:\/\/setah.be\/wp-content\/uploads\/2023\/10\/Copacking-rotated.jpeg","width":768,"height":1024},{"@type":"BreadcrumbList","@id":"https:\/\/setah.be\/index.php\/2023\/10\/20\/comment-collaborer-avec-une-entreprise-de-travail-adapte\/#breadcrumb","itemListElement":[{"@type":"ListItem","position":1,"name":"Accueil","item":"https:\/\/setah.be\/"},{"@type":"ListItem","position":2,"name":"Comment collaborer avec une Entreprise de travail adapt\u00e9?"}]},{"@type":"WebSite","@id":"https:\/\/setah.be\/#website","url":"https:\/\/setah.be\/","name":"SETAH","description":"Salon des entreprises de travail adapt\u00e9 en Hainaut","publisher":{"@id":"https:\/\/setah.be\/#organization"},"potentialAction":[{"@type":"SearchAction","target":{"@type":"EntryPoint","urlTemplate":"https:\/\/setah.be\/?s={search_term_string}"},"query-input":{"@type":"PropertyValueSpecification","valueRequired":true,"valueName":"search_term_string"}}],"inLanguage":"fr-FR"},{"@type":"Organization","@id":"https:\/\/setah.be\/#organization","name":"SETAH","url":"https:\/\/setah.be\/","logo":{"@type":"ImageObject","inLanguage":"fr-FR","@id":"https:\/\/setah.be\/#\/schema\/logo\/image\/","url":"https:\/\/setah.be\/wp-content\/uploads\/2021\/07\/Logo-SETAH.png","contentUrl":"https:\/\/setah.be\/wp-content\/uploads\/2021\/07\/Logo-SETAH.png","width":646,"height":463,"caption":"SETAH"},"image":{"@id":"https:\/\/setah.be\/#\/schema\/logo\/image\/"}},{"@type":"Person","@id":"https:\/\/setah.be\/#\/schema\/person\/a70a437a984d29344ce8257410f1163e","name":"admin","image":{"@type":"ImageObject","inLanguage":"fr-FR","@id":"https:\/\/secure.gravatar.com\/avatar\/677beddb62cf5311fc5422fbd1c323aac651af90aed0a1723757825c3b71e775?s=96&d=mm&r=g","url":"https:\/\/secure.gravatar.com\/avatar\/677beddb62cf5311fc5422fbd1c323aac651af90aed0a1723757825c3b71e775?s=96&d=mm&r=g","contentUrl":"https:\/\/secure.gravatar.com\/avatar\/677beddb62cf5311fc5422fbd1c323aac651af90aed0a1723757825c3b71e775?s=96&d=mm&r=g","caption":"admin"},"sameAs":["https:\/\/setah.be"],"url":"https:\/\/setah.be\/index.php\/author\/marc\/"}]}},"_links":{"self":[{"href":"https:\/\/setah.be\/index.php\/wp-json\/wp\/v2\/posts\/14582","targetHints":{"allow":["GET"]}}],"collection":[{"href":"https:\/\/setah.be\/index.php\/wp-json\/wp\/v2\/posts"}],"about":[{"href":"https:\/\/setah.be\/index.php\/wp-json\/wp\/v2\/types\/post"}],"author":[{"embeddable":true,"href":"https:\/\/setah.be\/index.php\/wp-json\/wp\/v2\/users\/1"}],"replies":[{"embeddable":true,"href":"https:\/\/setah.be\/index.php\/wp-json\/wp\/v2\/comments?post=14582"}],"version-history":[{"count":3,"href":"https:\/\/setah.be\/index.php\/wp-json\/wp\/v2\/posts\/14582\/revisions"}],"predecessor-version":[{"id":14604,"href":"https:\/\/setah.be\/index.php\/wp-json\/wp\/v2\/posts\/14582\/revisions\/14604"}],"wp:featuredmedia":[{"embeddable":true,"href":"https:\/\/setah.be\/index.php\/wp-json\/wp\/v2\/media\/14183"}],"wp:attachment":[{"href":"https:\/\/setah.be\/index.php\/wp-json\/wp\/v2\/media?parent=14582"}],"wp:term":[{"taxonomy":"category","embeddable":true,"href":"https:\/\/setah.be\/index.php\/wp-json\/wp\/v2\/categories?post=14582"},{"taxonomy":"post_tag","embeddable":true,"href":"https:\/\/setah.be\/index.php\/wp-json\/wp\/v2\/tags?post=14582"}],"curies":[{"name":"wp","href":"https:\/\/api.w.org\/{rel}","templated":true}]}}